{"id":1336,"date":"2022-11-09T18:13:07","date_gmt":"2022-11-09T21:13:07","guid":{"rendered":"https:\/\/asilosaovicente.org.br\/site\/?p=1336"},"modified":"2025-03-13T09:52:55","modified_gmt":"2025-03-13T12:52:55","slug":"faca-parte-da-solidariedade-que-abraca","status":"publish","type":"post","link":"https:\/\/asilosaovicente.org.br\/site\/2022\/11\/09\/faca-parte-da-solidariedade-que-abraca\/","title":{"rendered":"Fa\u00e7a parte da solidariedade que abra\u00e7a!"},"content":{"rendered":"\n<p>O Natal \u00e9 um dos momentos mais aguardados do ano por nossas idosas. \u00c9 um momento de celebra\u00e7\u00e3o, alegria, festa e tamb\u00e9m de entrega de presentes. Nos enche o cora\u00e7\u00e3o ver cada sorriso e olhar de felicidade! <br><br>E como j\u00e1 \u00e9 tradi\u00e7\u00e3o, neste ano queremos oferecer \u00e0s 150 moradoras do Asilo S\u00e3o Vicente de Paulo e \u00e0s idosas e idosos do Centro Dia mais um Natal inesquec\u00edvel. Para isso, esperamos contar mais uma vez com sua contribui\u00e7\u00e3o.<\/p>\n\n\n\n<p>Disponibilizamos em nossa recep\u00e7\u00e3o uma \u00e1rvore de Natal com cart\u00f5es que cont\u00eam pedidos de presentes feitos por nossas idosas. Voc\u00ea pode escolher seu cart\u00e3o <strong>at\u00e9 o dia 05\/12<\/strong> e entregar as doa\u00e7\u00f5es <strong>at\u00e9 o dia 12\/12<\/strong>. Os presentes ser\u00e3o entregues em nossa festa natalina.<br><br><br><strong>Onde retirar o cart\u00e3o:<\/strong><br><br><em>Asilo S\u00e3o Vicente de Paulo<\/em><br>Rua S\u00e3o Vicente, n\u00ba 100, Juvev\u00ea &#8211; Curitiba-PR<br>Hor\u00e1rio de atendimento: 8h30 \u00e0s 17h30<br>Telefone: (41) 3313-5353<\/p>\n","protected":false},"excerpt":{"rendered":"<p>O Natal \u00e9 um dos momentos mais aguardados do ano por nossas idosas. \u00c9 um momento de celebra\u00e7\u00e3o, alegria, festa e tamb\u00e9m de entrega de presentes. Nos enche o cora\u00e7\u00e3o ver cada sorriso e olhar de felicidade! E como j\u00e1 \u00e9 tradi\u00e7\u00e3o, neste ano queremos oferecer \u00e0s 150 moradoras do Asilo S\u00e3o Vicente de Paulo &hellip;<\/p>\n<p class=\"read-more\"> <a class=\"\" href=\"https:\/\/asilosaovicente.org.br\/site\/2022\/11\/09\/faca-parte-da-solidariedade-que-abraca\/\"> <span class=\"screen-reader-text\">Fa\u00e7a parte da solidariedade que abra\u00e7a!<\/span> Leia mais &raquo;<\/a><\/p>\n","protected":false},"author":1,"featured_media":1351,"comment_status":"closed","ping_status":"open","sticky":false,"template":"","format":"standard","meta":{"footnotes":""},"categories":[2],"tags":[],"class_list":["post-1336","post","type-post","status-publish","format-standard","has-post-thumbnail","hentry","category-noticias"],"uagb_featured_image_src":{"full":["https:\/\/asilosaovicente.org.br\/site\/wp-content\/uploads\/2022\/11\/natal2022.jpg",873,582,false],"thumbnail":["https:\/\/asilosaovicente.org.br\/site\/wp-content\/uploads\/2022\/11\/natal2022-150x150.jpg",150,150,true],"medium":["https:\/\/asilosaovicente.org.br\/site\/wp-content\/uploads\/2022\/11\/natal2022-300x200.jpg",300,200,true],"medium_large":["https:\/\/asilosaovicente.org.br\/site\/wp-content\/uploads\/2022\/11\/natal2022-768x512.jpg",768,512,true],"large":["https:\/\/asilosaovicente.org.br\/site\/wp-content\/uploads\/2022\/11\/natal2022.jpg",873,582,false],"1536x1536":["https:\/\/asilosaovicente.org.br\/site\/wp-content\/uploads\/2022\/11\/natal2022.jpg",873,582,false],"2048x2048":["https:\/\/asilosaovicente.org.br\/site\/wp-content\/uploads\/2022\/11\/natal2022.jpg",873,582,false]},"uagb_author_info":{"display_name":"Asilo adm","author_link":"https:\/\/asilosaovicente.org.br\/site\/author\/asilo-adm\/"},"uagb_comment_info":0,"uagb_excerpt":"O Natal \u00e9 um dos momentos mais aguardados do ano por nossas idosas. \u00c9 um momento de celebra\u00e7\u00e3o, alegria, festa e tamb\u00e9m de entrega de presentes. Nos enche o cora\u00e7\u00e3o ver cada sorriso e olhar de felicidade! E como j\u00e1 \u00e9 tradi\u00e7\u00e3o, neste ano queremos oferecer \u00e0s 150 moradoras do Asilo S\u00e3o Vicente de Paulo&hellip;","_links":{"self":[{"href":"https:\/\/asilosaovicente.org.br\/site\/wp-json\/wp\/v2\/posts\/1336","targetHints":{"allow":["GET"]}}],"collection":[{"href":"https:\/\/asilosaovicente.org.br\/site\/wp-json\/wp\/v2\/posts"}],"about":[{"href":"https:\/\/asilosaovicente.org.br\/site\/wp-json\/wp\/v2\/types\/post"}],"author":[{"embeddable":true,"href":"https:\/\/asilosaovicente.org.br\/site\/wp-json\/wp\/v2\/users\/1"}],"replies":[{"embeddable":true,"href":"https:\/\/asilosaovicente.org.br\/site\/wp-json\/wp\/v2\/comments?post=1336"}],"version-history":[{"count":16,"href":"https:\/\/asilosaovicente.org.br\/site\/wp-json\/wp\/v2\/posts\/1336\/revisions"}],"predecessor-version":[{"id":1356,"href":"https:\/\/asilosaovicente.org.br\/site\/wp-json\/wp\/v2\/posts\/1336\/revisions\/1356"}],"wp:featuredmedia":[{"embeddable":true,"href":"https:\/\/asilosaovicente.org.br\/site\/wp-json\/wp\/v2\/media\/1351"}],"wp:attachment":[{"href":"https:\/\/asilosaovicente.org.br\/site\/wp-json\/wp\/v2\/media?parent=1336"}],"wp:term":[{"taxonomy":"category","embeddable":true,"href":"https:\/\/asilosaovicente.org.br\/site\/wp-json\/wp\/v2\/categories?post=1336"},{"taxonomy":"post_tag","embeddable":true,"href":"https:\/\/asilosaovicente.org.br\/site\/wp-json\/wp\/v2\/tags?post=1336"}],"curies":[{"name":"wp","href":"https:\/\/api.w.org\/{rel}","templated":true}]}}