{"id":1407,"date":"2023-06-19T12:58:17","date_gmt":"2023-06-19T15:58:17","guid":{"rendered":"https:\/\/asilosaovicente.org.br\/site\/?p=1407"},"modified":"2025-03-13T09:52:41","modified_gmt":"2025-03-13T12:52:41","slug":"colabore-com-nossa-festa-julina","status":"publish","type":"post","link":"https:\/\/asilosaovicente.org.br\/site\/2023\/06\/19\/colabore-com-nossa-festa-julina\/","title":{"rendered":"Colabore com nossa Festa Julina!"},"content":{"rendered":"\n<p>A Festa Julina do Asilo S\u00e3o Vicente de Paulo est\u00e1 chegando e voc\u00ea tamb\u00e9m pode nos ajudar a deixar esta festan\u00e7a ainda mais gostosa para as nossas idosas!<\/p>\n\n\n\n<p>Uma das datas mais aguardadas pelas nossas moradoras, o nosso famoso arrai\u00e1 depende grandemente da comunidade atrav\u00e9s de diversas doa\u00e7\u00f5es e, nesse momento, nossa maior necessidade \u00e9 de doces t\u00edpicos e refrigerantes!<\/p>\n\n\n\n<p>Neste ano ainda n\u00e3o conseguiremos abrir a festa das idosas para o p\u00fablico externo, mas esperamos contar com a participa\u00e7\u00e3o de todos com doa\u00e7\u00f5es que ajudar\u00e3o a deixar o dia delas mais gostoso e animado.<br><br>Entregue suas doa\u00e7\u00f5es <strong>at\u00e9 o dia 30\/06<\/strong> em nosso endere\u00e7o: Rua S\u00e3o Vicente, n\u00ba 100, bairro Juvev\u00ea.<\/p>\n","protected":false},"excerpt":{"rendered":"<p>A Festa Julina do Asilo S\u00e3o Vicente de Paulo est\u00e1 chegando e voc\u00ea tamb\u00e9m pode nos ajudar a deixar esta festan\u00e7a ainda mais gostosa para as nossas idosas! Uma das datas mais aguardadas pelas nossas moradoras, o nosso famoso arrai\u00e1 depende grandemente da comunidade atrav\u00e9s de diversas doa\u00e7\u00f5es e, nesse momento, nossa maior necessidade \u00e9 &hellip;<\/p>\n<p class=\"read-more\"> <a class=\"\" href=\"https:\/\/asilosaovicente.org.br\/site\/2023\/06\/19\/colabore-com-nossa-festa-julina\/\"> <span class=\"screen-reader-text\">Colabore com nossa Festa Julina!<\/span> Leia mais &raquo;<\/a><\/p>\n","protected":false},"author":1,"featured_media":1408,"comment_status":"closed","ping_status":"open","sticky":false,"template":"","format":"standard","meta":{"footnotes":""},"categories":[2],"tags":[],"class_list":["post-1407","post","type-post","status-publish","format-standard","has-post-thumbnail","hentry","category-noticias"],"uagb_featured_image_src":{"full":["https:\/\/asilosaovicente.org.br\/site\/wp-content\/uploads\/2023\/06\/doacoes-arraia2023.jpg",1600,1600,false],"thumbnail":["https:\/\/asilosaovicente.org.br\/site\/wp-content\/uploads\/2023\/06\/doacoes-arraia2023-150x150.jpg",150,150,true],"medium":["https:\/\/asilosaovicente.org.br\/site\/wp-content\/uploads\/2023\/06\/doacoes-arraia2023-300x300.jpg",300,300,true],"medium_large":["https:\/\/asilosaovicente.org.br\/site\/wp-content\/uploads\/2023\/06\/doacoes-arraia2023-768x768.jpg",768,768,true],"large":["https:\/\/asilosaovicente.org.br\/site\/wp-content\/uploads\/2023\/06\/doacoes-arraia2023-1024x1024.jpg",1024,1024,true],"1536x1536":["https:\/\/asilosaovicente.org.br\/site\/wp-content\/uploads\/2023\/06\/doacoes-arraia2023-1536x1536.jpg",1536,1536,true],"2048x2048":["https:\/\/asilosaovicente.org.br\/site\/wp-content\/uploads\/2023\/06\/doacoes-arraia2023.jpg",1600,1600,false]},"uagb_author_info":{"display_name":"Asilo adm","author_link":"https:\/\/asilosaovicente.org.br\/site\/author\/asilo-adm\/"},"uagb_comment_info":0,"uagb_excerpt":"A Festa Julina do Asilo S\u00e3o Vicente de Paulo est\u00e1 chegando e voc\u00ea tamb\u00e9m pode nos ajudar a deixar esta festan\u00e7a ainda mais gostosa para as nossas idosas! Uma das datas mais aguardadas pelas nossas moradoras, o nosso famoso arrai\u00e1 depende grandemente da comunidade atrav\u00e9s de diversas doa\u00e7\u00f5es e, nesse momento, nossa maior necessidade \u00e9&hellip;","_links":{"self":[{"href":"https:\/\/asilosaovicente.org.br\/site\/wp-json\/wp\/v2\/posts\/1407","targetHints":{"allow":["GET"]}}],"collection":[{"href":"https:\/\/asilosaovicente.org.br\/site\/wp-json\/wp\/v2\/posts"}],"about":[{"href":"https:\/\/asilosaovicente.org.br\/site\/wp-json\/wp\/v2\/types\/post"}],"author":[{"embeddable":true,"href":"https:\/\/asilosaovicente.org.br\/site\/wp-json\/wp\/v2\/users\/1"}],"replies":[{"embeddable":true,"href":"https:\/\/asilosaovicente.org.br\/site\/wp-json\/wp\/v2\/comments?post=1407"}],"version-history":[{"count":1,"href":"https:\/\/asilosaovicente.org.br\/site\/wp-json\/wp\/v2\/posts\/1407\/revisions"}],"predecessor-version":[{"id":1409,"href":"https:\/\/asilosaovicente.org.br\/site\/wp-json\/wp\/v2\/posts\/1407\/revisions\/1409"}],"wp:featuredmedia":[{"embeddable":true,"href":"https:\/\/asilosaovicente.org.br\/site\/wp-json\/wp\/v2\/media\/1408"}],"wp:attachment":[{"href":"https:\/\/asilosaovicente.org.br\/site\/wp-json\/wp\/v2\/media?parent=1407"}],"wp:term":[{"taxonomy":"category","embeddable":true,"href":"https:\/\/asilosaovicente.org.br\/site\/wp-json\/wp\/v2\/categories?post=1407"},{"taxonomy":"post_tag","embeddable":true,"href":"https:\/\/asilosaovicente.org.br\/site\/wp-json\/wp\/v2\/tags?post=1407"}],"curies":[{"name":"wp","href":"https:\/\/api.w.org\/{rel}","templated":true}]}}