{"id":1410,"date":"2023-06-26T16:23:15","date_gmt":"2023-06-26T19:23:15","guid":{"rendered":"https:\/\/asilosaovicente.org.br\/site\/?p=1410"},"modified":"2025-03-13T09:52:36","modified_gmt":"2025-03-13T12:52:36","slug":"asilo-sao-vicente-pede-doacoes-de-meias-de-algodao","status":"publish","type":"post","link":"https:\/\/asilosaovicente.org.br\/site\/2023\/06\/26\/asilo-sao-vicente-pede-doacoes-de-meias-de-algodao\/","title":{"rendered":"Asilo S\u00e3o Vicente pede doa\u00e7\u00f5es de meias de algod\u00e3o"},"content":{"rendered":"\n<p>Para manter todas as nossas idosas quentinhas nesse inverno, o Asilo S\u00e3o Vicente de Paulo solicita seu apoio na doa\u00e7\u00e3o de meias de algod\u00e3o de todos os tamanhos.<\/p>\n\n\n\n<p>Hoje contamos com meias e cachec\u00f3is de l\u00e3 em quantidade suficiente para todas as nossas moradoras, mas nos faltam muitos pares de meias de algod\u00e3o, que s\u00e3o ideais para se usar com cal\u00e7ados.<\/p>\n\n\n\n<p>Contamos com o seu apoio e solidariedade!<\/p>\n","protected":false},"excerpt":{"rendered":"<p>Para manter todas as nossas idosas quentinhas nesse inverno, o Asilo S\u00e3o Vicente de Paulo solicita seu apoio na doa\u00e7\u00e3o de meias de algod\u00e3o de todos os tamanhos. Hoje contamos com meias e cachec\u00f3is de l\u00e3 em quantidade suficiente para todas as nossas moradoras, mas nos faltam muitos pares de meias de algod\u00e3o, que s\u00e3o &hellip;<\/p>\n<p class=\"read-more\"> <a class=\"\" href=\"https:\/\/asilosaovicente.org.br\/site\/2023\/06\/26\/asilo-sao-vicente-pede-doacoes-de-meias-de-algodao\/\"> <span class=\"screen-reader-text\">Asilo S\u00e3o Vicente pede doa\u00e7\u00f5es de meias de algod\u00e3o<\/span> Leia mais &raquo;<\/a><\/p>\n","protected":false},"author":1,"featured_media":1411,"comment_status":"closed","ping_status":"open","sticky":false,"template":"","format":"standard","meta":{"footnotes":""},"categories":[2],"tags":[],"class_list":["post-1410","post","type-post","status-publish","format-standard","has-post-thumbnail","hentry","category-noticias"],"uagb_featured_image_src":{"full":["https:\/\/asilosaovicente.org.br\/site\/wp-content\/uploads\/2023\/06\/doacao-meias2023.jpg",1600,1600,false],"thumbnail":["https:\/\/asilosaovicente.org.br\/site\/wp-content\/uploads\/2023\/06\/doacao-meias2023-150x150.jpg",150,150,true],"medium":["https:\/\/asilosaovicente.org.br\/site\/wp-content\/uploads\/2023\/06\/doacao-meias2023-300x300.jpg",300,300,true],"medium_large":["https:\/\/asilosaovicente.org.br\/site\/wp-content\/uploads\/2023\/06\/doacao-meias2023-768x768.jpg",768,768,true],"large":["https:\/\/asilosaovicente.org.br\/site\/wp-content\/uploads\/2023\/06\/doacao-meias2023-1024x1024.jpg",1024,1024,true],"1536x1536":["https:\/\/asilosaovicente.org.br\/site\/wp-content\/uploads\/2023\/06\/doacao-meias2023-1536x1536.jpg",1536,1536,true],"2048x2048":["https:\/\/asilosaovicente.org.br\/site\/wp-content\/uploads\/2023\/06\/doacao-meias2023.jpg",1600,1600,false]},"uagb_author_info":{"display_name":"Asilo adm","author_link":"https:\/\/asilosaovicente.org.br\/site\/author\/asilo-adm\/"},"uagb_comment_info":0,"uagb_excerpt":"Para manter todas as nossas idosas quentinhas nesse inverno, o Asilo S\u00e3o Vicente de Paulo solicita seu apoio na doa\u00e7\u00e3o de meias de algod\u00e3o de todos os tamanhos. Hoje contamos com meias e cachec\u00f3is de l\u00e3 em quantidade suficiente para todas as nossas moradoras, mas nos faltam muitos pares de meias de algod\u00e3o, que s\u00e3o&hellip;","_links":{"self":[{"href":"https:\/\/asilosaovicente.org.br\/site\/wp-json\/wp\/v2\/posts\/1410","targetHints":{"allow":["GET"]}}],"collection":[{"href":"https:\/\/asilosaovicente.org.br\/site\/wp-json\/wp\/v2\/posts"}],"about":[{"href":"https:\/\/asilosaovicente.org.br\/site\/wp-json\/wp\/v2\/types\/post"}],"author":[{"embeddable":true,"href":"https:\/\/asilosaovicente.org.br\/site\/wp-json\/wp\/v2\/users\/1"}],"replies":[{"embeddable":true,"href":"https:\/\/asilosaovicente.org.br\/site\/wp-json\/wp\/v2\/comments?post=1410"}],"version-history":[{"count":1,"href":"https:\/\/asilosaovicente.org.br\/site\/wp-json\/wp\/v2\/posts\/1410\/revisions"}],"predecessor-version":[{"id":1412,"href":"https:\/\/asilosaovicente.org.br\/site\/wp-json\/wp\/v2\/posts\/1410\/revisions\/1412"}],"wp:featuredmedia":[{"embeddable":true,"href":"https:\/\/asilosaovicente.org.br\/site\/wp-json\/wp\/v2\/media\/1411"}],"wp:attachment":[{"href":"https:\/\/asilosaovicente.org.br\/site\/wp-json\/wp\/v2\/media?parent=1410"}],"wp:term":[{"taxonomy":"category","embeddable":true,"href":"https:\/\/asilosaovicente.org.br\/site\/wp-json\/wp\/v2\/categories?post=1410"},{"taxonomy":"post_tag","embeddable":true,"href":"https:\/\/asilosaovicente.org.br\/site\/wp-json\/wp\/v2\/tags?post=1410"}],"curies":[{"name":"wp","href":"https:\/\/api.w.org\/{rel}","templated":true}]}}