{"id":792,"date":"2022-08-11T12:50:58","date_gmt":"2022-08-11T15:50:58","guid":{"rendered":"http:\/\/www.sintatica.com.br\/asilo\/?p=792"},"modified":"2022-08-11T12:50:58","modified_gmt":"2022-08-11T15:50:58","slug":"centro-dia-retomou-atividades-presenciais","status":"publish","type":"post","link":"https:\/\/asilosaovicente.org.br\/site\/2022\/08\/11\/centro-dia-retomou-atividades-presenciais\/","title":{"rendered":"Centro Dia retomou atividades presenciais"},"content":{"rendered":"\n<p>O Centro Dia voltou a atender no Asilo S\u00e3o Vicente de Paulo e os idosos j\u00e1 est\u00e3o participando de diversas atividades. Uma delas \u00e9 o \u201cJogo da Mem\u00f3ria\u201d, que visa ao est\u00edmulo do racioc\u00ednio, concentra\u00e7\u00e3o e, claro, da mem\u00f3ria.<\/p>\n\n\n\n<p>Al\u00e9m desses benef\u00edcios, essa atividade tamb\u00e9m otimiza a compreens\u00e3o e a sociabiliza\u00e7\u00e3o dos idosos, contribuindo para a melhora na qualidade de vida e no desempenho ocupacional.<\/p>\n\n\n\n<p><\/p>\n\n\n\n<figure class=\"wp-block-gallery has-nested-images columns-default is-cropped wp-block-gallery-1 is-layout-flex wp-block-gallery-is-layout-flex\">\n<figure class=\"wp-block-image size-large\"><img loading=\"lazy\" decoding=\"async\" width=\"1024\" height=\"682\" data-id=\"793\" src=\"http:\/\/asilosaovicente.org.br\/site\/wp-content\/uploads\/2022\/07\/01centrodiapresencial-1-1024x682.jpg\" alt=\"\" class=\"wp-image-793\" srcset=\"https:\/\/asilosaovicente.org.br\/site\/wp-content\/uploads\/2022\/07\/01centrodiapresencial-1-1024x682.jpg 1024w, https:\/\/asilosaovicente.org.br\/site\/wp-content\/uploads\/2022\/07\/01centrodiapresencial-1-300x200.jpg 300w, https:\/\/asilosaovicente.org.br\/site\/wp-content\/uploads\/2022\/07\/01centrodiapresencial-1-768x511.jpg 768w, https:\/\/asilosaovicente.org.br\/site\/wp-content\/uploads\/2022\/07\/01centrodiapresencial-1.jpg 1440w\" sizes=\"auto, (max-width: 1024px) 100vw, 1024px\" \/><\/figure>\n\n\n\n<figure class=\"wp-block-image size-large\"><img loading=\"lazy\" decoding=\"async\" width=\"1024\" height=\"681\" data-id=\"797\" src=\"http:\/\/asilosaovicente.org.br\/site\/wp-content\/uploads\/2022\/07\/02centrodiapresencial-1-1024x681.jpg\" alt=\"\" class=\"wp-image-797\" srcset=\"https:\/\/asilosaovicente.org.br\/site\/wp-content\/uploads\/2022\/07\/02centrodiapresencial-1-1024x681.jpg 1024w, https:\/\/asilosaovicente.org.br\/site\/wp-content\/uploads\/2022\/07\/02centrodiapresencial-1-300x200.jpg 300w, https:\/\/asilosaovicente.org.br\/site\/wp-content\/uploads\/2022\/07\/02centrodiapresencial-1-768x511.jpg 768w, https:\/\/asilosaovicente.org.br\/site\/wp-content\/uploads\/2022\/07\/02centrodiapresencial-1.jpg 1440w\" sizes=\"auto, (max-width: 1024px) 100vw, 1024px\" \/><\/figure>\n\n\n\n<figure class=\"wp-block-image size-large\"><img loading=\"lazy\" decoding=\"async\" width=\"1024\" height=\"682\" data-id=\"798\" src=\"http:\/\/asilosaovicente.org.br\/site\/wp-content\/uploads\/2022\/07\/03centrodiapresencial-1-1024x682.jpg\" alt=\"\" class=\"wp-image-798\" srcset=\"https:\/\/asilosaovicente.org.br\/site\/wp-content\/uploads\/2022\/07\/03centrodiapresencial-1-1024x682.jpg 1024w, https:\/\/asilosaovicente.org.br\/site\/wp-content\/uploads\/2022\/07\/03centrodiapresencial-1-300x200.jpg 300w, https:\/\/asilosaovicente.org.br\/site\/wp-content\/uploads\/2022\/07\/03centrodiapresencial-1-768x511.jpg 768w, https:\/\/asilosaovicente.org.br\/site\/wp-content\/uploads\/2022\/07\/03centrodiapresencial-1.jpg 1440w\" sizes=\"auto, (max-width: 1024px) 100vw, 1024px\" \/><\/figure>\n\n\n\n<figure class=\"wp-block-image size-large\"><img loading=\"lazy\" decoding=\"async\" width=\"1024\" height=\"682\" data-id=\"795\" src=\"http:\/\/asilosaovicente.org.br\/site\/wp-content\/uploads\/2022\/07\/04centrodiapresencial-1-1024x682.jpg\" alt=\"\" class=\"wp-image-795\" srcset=\"https:\/\/asilosaovicente.org.br\/site\/wp-content\/uploads\/2022\/07\/04centrodiapresencial-1-1024x682.jpg 1024w, https:\/\/asilosaovicente.org.br\/site\/wp-content\/uploads\/2022\/07\/04centrodiapresencial-1-300x200.jpg 300w, https:\/\/asilosaovicente.org.br\/site\/wp-content\/uploads\/2022\/07\/04centrodiapresencial-1-768x511.jpg 768w, https:\/\/asilosaovicente.org.br\/site\/wp-content\/uploads\/2022\/07\/04centrodiapresencial-1.jpg 1440w\" sizes=\"auto, (max-width: 1024px) 100vw, 1024px\" \/><\/figure>\n\n\n\n<figure class=\"wp-block-image size-large\"><img loading=\"lazy\" decoding=\"async\" width=\"1024\" height=\"682\" data-id=\"796\" src=\"http:\/\/asilosaovicente.org.br\/site\/wp-content\/uploads\/2022\/07\/05centrodiapresencial-1-1024x682.jpg\" alt=\"\" class=\"wp-image-796\" srcset=\"https:\/\/asilosaovicente.org.br\/site\/wp-content\/uploads\/2022\/07\/05centrodiapresencial-1-1024x682.jpg 1024w, https:\/\/asilosaovicente.org.br\/site\/wp-content\/uploads\/2022\/07\/05centrodiapresencial-1-300x200.jpg 300w, https:\/\/asilosaovicente.org.br\/site\/wp-content\/uploads\/2022\/07\/05centrodiapresencial-1-768x511.jpg 768w, https:\/\/asilosaovicente.org.br\/site\/wp-content\/uploads\/2022\/07\/05centrodiapresencial-1.jpg 1440w\" sizes=\"auto, (max-width: 1024px) 100vw, 1024px\" \/><\/figure>\n\n\n\n<figure class=\"wp-block-image size-large\"><img loading=\"lazy\" decoding=\"async\" width=\"1024\" height=\"682\" data-id=\"794\" src=\"http:\/\/asilosaovicente.org.br\/site\/wp-content\/uploads\/2022\/07\/06centrodiapresencial-1-1024x682.jpg\" alt=\"\" class=\"wp-image-794\" srcset=\"https:\/\/asilosaovicente.org.br\/site\/wp-content\/uploads\/2022\/07\/06centrodiapresencial-1-1024x682.jpg 1024w, https:\/\/asilosaovicente.org.br\/site\/wp-content\/uploads\/2022\/07\/06centrodiapresencial-1-300x200.jpg 300w, https:\/\/asilosaovicente.org.br\/site\/wp-content\/uploads\/2022\/07\/06centrodiapresencial-1-768x511.jpg 768w, https:\/\/asilosaovicente.org.br\/site\/wp-content\/uploads\/2022\/07\/06centrodiapresencial-1.jpg 1440w\" sizes=\"auto, (max-width: 1024px) 100vw, 1024px\" \/><\/figure>\n\n\n\n<figure class=\"wp-block-image size-large\"><img loading=\"lazy\" decoding=\"async\" width=\"1024\" height=\"682\" data-id=\"799\" src=\"http:\/\/asilosaovicente.org.br\/site\/wp-content\/uploads\/2022\/07\/07centrodiapresencial-1-1024x682.jpg\" alt=\"\" class=\"wp-image-799\" srcset=\"https:\/\/asilosaovicente.org.br\/site\/wp-content\/uploads\/2022\/07\/07centrodiapresencial-1-1024x682.jpg 1024w, https:\/\/asilosaovicente.org.br\/site\/wp-content\/uploads\/2022\/07\/07centrodiapresencial-1-300x200.jpg 300w, https:\/\/asilosaovicente.org.br\/site\/wp-content\/uploads\/2022\/07\/07centrodiapresencial-1-768x511.jpg 768w, https:\/\/asilosaovicente.org.br\/site\/wp-content\/uploads\/2022\/07\/07centrodiapresencial-1.jpg 1440w\" sizes=\"auto, (max-width: 1024px) 100vw, 1024px\" \/><\/figure>\n<\/figure>\n","protected":false},"excerpt":{"rendered":"<p>O Centro Dia voltou a atender no Asilo S\u00e3o Vicente de Paulo e os idosos j\u00e1 est\u00e3o participando de diversas atividades. Uma delas \u00e9 o \u201cJogo da Mem\u00f3ria\u201d, que visa ao est\u00edmulo do racioc\u00ednio, concentra\u00e7\u00e3o e, claro, da mem\u00f3ria. Al\u00e9m desses benef\u00edcios, essa atividade tamb\u00e9m otimiza a compreens\u00e3o e a sociabiliza\u00e7\u00e3o dos idosos, contribuindo para &hellip;<\/p>\n<p class=\"read-more\"> <a class=\"\" href=\"https:\/\/asilosaovicente.org.br\/site\/2022\/08\/11\/centro-dia-retomou-atividades-presenciais\/\"> <span class=\"screen-reader-text\">Centro Dia retomou atividades presenciais<\/span> Leia mais &raquo;<\/a><\/p>\n","protected":false},"author":1,"featured_media":796,"comment_status":"open","ping_status":"open","sticky":false,"template":"","format":"standard","meta":{"footnotes":""},"categories":[2],"tags":[],"class_list":["post-792","post","type-post","status-publish","format-standard","has-post-thumbnail","hentry","category-noticias"],"uagb_featured_image_src":{"full":["https:\/\/asilosaovicente.org.br\/site\/wp-content\/uploads\/2022\/07\/05centrodiapresencial-1.jpg",1440,959,false],"thumbnail":["https:\/\/asilosaovicente.org.br\/site\/wp-content\/uploads\/2022\/07\/05centrodiapresencial-1-150x150.jpg",150,150,true],"medium":["https:\/\/asilosaovicente.org.br\/site\/wp-content\/uploads\/2022\/07\/05centrodiapresencial-1-300x200.jpg",300,200,true],"medium_large":["https:\/\/asilosaovicente.org.br\/site\/wp-content\/uploads\/2022\/07\/05centrodiapresencial-1-768x511.jpg",768,511,true],"large":["https:\/\/asilosaovicente.org.br\/site\/wp-content\/uploads\/2022\/07\/05centrodiapresencial-1-1024x682.jpg",1024,682,true],"1536x1536":["https:\/\/asilosaovicente.org.br\/site\/wp-content\/uploads\/2022\/07\/05centrodiapresencial-1.jpg",1440,959,false],"2048x2048":["https:\/\/asilosaovicente.org.br\/site\/wp-content\/uploads\/2022\/07\/05centrodiapresencial-1.jpg",1440,959,false]},"uagb_author_info":{"display_name":"Asilo adm","author_link":"https:\/\/asilosaovicente.org.br\/site\/author\/asilo-adm\/"},"uagb_comment_info":0,"uagb_excerpt":"O Centro Dia voltou a atender no Asilo S\u00e3o Vicente de Paulo e os idosos j\u00e1 est\u00e3o participando de diversas atividades. Uma delas \u00e9 o \u201cJogo da Mem\u00f3ria\u201d, que visa ao est\u00edmulo do racioc\u00ednio, concentra\u00e7\u00e3o e, claro, da mem\u00f3ria. Al\u00e9m desses benef\u00edcios, essa atividade tamb\u00e9m otimiza a compreens\u00e3o e a sociabiliza\u00e7\u00e3o dos idosos, contribuindo para&hellip;","_links":{"self":[{"href":"https:\/\/asilosaovicente.org.br\/site\/wp-json\/wp\/v2\/posts\/792","targetHints":{"allow":["GET"]}}],"collection":[{"href":"https:\/\/asilosaovicente.org.br\/site\/wp-json\/wp\/v2\/posts"}],"about":[{"href":"https:\/\/asilosaovicente.org.br\/site\/wp-json\/wp\/v2\/types\/post"}],"author":[{"embeddable":true,"href":"https:\/\/asilosaovicente.org.br\/site\/wp-json\/wp\/v2\/users\/1"}],"replies":[{"embeddable":true,"href":"https:\/\/asilosaovicente.org.br\/site\/wp-json\/wp\/v2\/comments?post=792"}],"version-history":[{"count":0,"href":"https:\/\/asilosaovicente.org.br\/site\/wp-json\/wp\/v2\/posts\/792\/revisions"}],"wp:featuredmedia":[{"embeddable":true,"href":"https:\/\/asilosaovicente.org.br\/site\/wp-json\/wp\/v2\/media\/796"}],"wp:attachment":[{"href":"https:\/\/asilosaovicente.org.br\/site\/wp-json\/wp\/v2\/media?parent=792"}],"wp:term":[{"taxonomy":"category","embeddable":true,"href":"https:\/\/asilosaovicente.org.br\/site\/wp-json\/wp\/v2\/categories?post=792"},{"taxonomy":"post_tag","embeddable":true,"href":"https:\/\/asilosaovicente.org.br\/site\/wp-json\/wp\/v2\/tags?post=792"}],"curies":[{"name":"wp","href":"https:\/\/api.w.org\/{rel}","templated":true}]}}