{"id":801,"date":"2022-07-05T13:10:28","date_gmt":"2022-07-05T16:10:28","guid":{"rendered":"http:\/\/www.sintatica.com.br\/asilo\/?p=801"},"modified":"2022-07-05T13:10:28","modified_gmt":"2022-07-05T16:10:28","slug":"moradoras-do-asilo-sao-vicente-de-paulo-celebram-a-pascoa","status":"publish","type":"post","link":"https:\/\/asilosaovicente.org.br\/site\/2022\/07\/05\/moradoras-do-asilo-sao-vicente-de-paulo-celebram-a-pascoa\/","title":{"rendered":"Moradoras do Asilo S\u00e3o Vicente de Paulo celebram a P\u00e1scoa"},"content":{"rendered":"\n<p>Neste ano o Coelho da P\u00e1scoa n\u00e3o trouxe s\u00f3 chocolates para o Asilo Vicente de Paulo, mas tamb\u00e9m muitos sorrisos e alegria em uma celebra\u00e7\u00e3o que contagiou a casa toda! Ap\u00f3s visitar todos os lares, o Coelho tamb\u00e9m visitou o caf\u00e9 da tarde das idosas, trazendo todos os chocolates que foram doados&nbsp;nas \u00faltimas semanas.<\/p>\n\n\n\n<p>Toda essa felicidade s\u00f3 foi poss\u00edvel pelo empenho de toda a nossa equipe e a voc\u00ea, que mais um vez atendeu nosso chamado e doou diversas caixas de bombom para nossas moradoras.<\/p>\n\n\n\n<p>Agradecemos a todos que fizeram parte desta campanha e desta celebra\u00e7\u00e3o!<\/p>\n\n\n\n<p><\/p>\n\n\n\n<figure class=\"wp-block-gallery has-nested-images columns-default is-cropped wp-block-gallery-1 is-layout-flex wp-block-gallery-is-layout-flex\">\n<figure class=\"wp-block-image size-large\"><img loading=\"lazy\" decoding=\"async\" width=\"960\" height=\"640\" data-id=\"807\" src=\"http:\/\/asilosaovicente.org.br\/site\/wp-content\/uploads\/2022\/07\/01pascoa2022-1.jpg\" alt=\"\" class=\"wp-image-807\" srcset=\"https:\/\/asilosaovicente.org.br\/site\/wp-content\/uploads\/2022\/07\/01pascoa2022-1.jpg 960w, https:\/\/asilosaovicente.org.br\/site\/wp-content\/uploads\/2022\/07\/01pascoa2022-1-300x200.jpg 300w, https:\/\/asilosaovicente.org.br\/site\/wp-content\/uploads\/2022\/07\/01pascoa2022-1-768x512.jpg 768w\" sizes=\"auto, (max-width: 960px) 100vw, 960px\" \/><\/figure>\n\n\n\n<figure class=\"wp-block-image size-large\"><img loading=\"lazy\" decoding=\"async\" width=\"960\" height=\"640\" data-id=\"802\" src=\"http:\/\/asilosaovicente.org.br\/site\/wp-content\/uploads\/2022\/07\/02pascoa2022-1.jpg\" alt=\"\" class=\"wp-image-802\" srcset=\"https:\/\/asilosaovicente.org.br\/site\/wp-content\/uploads\/2022\/07\/02pascoa2022-1.jpg 960w, https:\/\/asilosaovicente.org.br\/site\/wp-content\/uploads\/2022\/07\/02pascoa2022-1-300x200.jpg 300w, https:\/\/asilosaovicente.org.br\/site\/wp-content\/uploads\/2022\/07\/02pascoa2022-1-768x512.jpg 768w\" sizes=\"auto, (max-width: 960px) 100vw, 960px\" \/><\/figure>\n\n\n\n<figure class=\"wp-block-image size-large\"><img loading=\"lazy\" decoding=\"async\" width=\"960\" height=\"640\" data-id=\"803\" src=\"http:\/\/asilosaovicente.org.br\/site\/wp-content\/uploads\/2022\/07\/03pascoa2022-1.jpg\" alt=\"\" class=\"wp-image-803\" srcset=\"https:\/\/asilosaovicente.org.br\/site\/wp-content\/uploads\/2022\/07\/03pascoa2022-1.jpg 960w, https:\/\/asilosaovicente.org.br\/site\/wp-content\/uploads\/2022\/07\/03pascoa2022-1-300x200.jpg 300w, https:\/\/asilosaovicente.org.br\/site\/wp-content\/uploads\/2022\/07\/03pascoa2022-1-768x512.jpg 768w\" sizes=\"auto, (max-width: 960px) 100vw, 960px\" \/><\/figure>\n\n\n\n<figure class=\"wp-block-image size-large\"><img loading=\"lazy\" decoding=\"async\" width=\"1024\" height=\"683\" data-id=\"806\" src=\"http:\/\/asilosaovicente.org.br\/site\/wp-content\/uploads\/2022\/07\/04pascoa2022-1-1024x683.jpg\" alt=\"\" class=\"wp-image-806\" srcset=\"https:\/\/asilosaovicente.org.br\/site\/wp-content\/uploads\/2022\/07\/04pascoa2022-1-1024x683.jpg 1024w, https:\/\/asilosaovicente.org.br\/site\/wp-content\/uploads\/2022\/07\/04pascoa2022-1-300x200.jpg 300w, https:\/\/asilosaovicente.org.br\/site\/wp-content\/uploads\/2022\/07\/04pascoa2022-1-768x512.jpg 768w, https:\/\/asilosaovicente.org.br\/site\/wp-content\/uploads\/2022\/07\/04pascoa2022-1.jpg 1440w\" sizes=\"auto, (max-width: 1024px) 100vw, 1024px\" \/><\/figure>\n\n\n\n<figure class=\"wp-block-image size-large\"><img loading=\"lazy\" decoding=\"async\" width=\"1024\" height=\"683\" data-id=\"804\" src=\"http:\/\/asilosaovicente.org.br\/site\/wp-content\/uploads\/2022\/07\/05pascoa2022-1-1024x683.jpg\" alt=\"\" class=\"wp-image-804\" srcset=\"https:\/\/asilosaovicente.org.br\/site\/wp-content\/uploads\/2022\/07\/05pascoa2022-1-1024x683.jpg 1024w, https:\/\/asilosaovicente.org.br\/site\/wp-content\/uploads\/2022\/07\/05pascoa2022-1-300x200.jpg 300w, https:\/\/asilosaovicente.org.br\/site\/wp-content\/uploads\/2022\/07\/05pascoa2022-1-768x512.jpg 768w, https:\/\/asilosaovicente.org.br\/site\/wp-content\/uploads\/2022\/07\/05pascoa2022-1.jpg 1440w\" sizes=\"auto, (max-width: 1024px) 100vw, 1024px\" \/><\/figure>\n\n\n\n<figure class=\"wp-block-image size-large\"><img loading=\"lazy\" decoding=\"async\" width=\"1024\" height=\"683\" data-id=\"805\" src=\"http:\/\/asilosaovicente.org.br\/site\/wp-content\/uploads\/2022\/07\/06pascoa2022-1-1024x683.jpg\" alt=\"\" class=\"wp-image-805\" srcset=\"https:\/\/asilosaovicente.org.br\/site\/wp-content\/uploads\/2022\/07\/06pascoa2022-1-1024x683.jpg 1024w, https:\/\/asilosaovicente.org.br\/site\/wp-content\/uploads\/2022\/07\/06pascoa2022-1-300x200.jpg 300w, https:\/\/asilosaovicente.org.br\/site\/wp-content\/uploads\/2022\/07\/06pascoa2022-1-768x512.jpg 768w, https:\/\/asilosaovicente.org.br\/site\/wp-content\/uploads\/2022\/07\/06pascoa2022-1.jpg 1440w\" sizes=\"auto, (max-width: 1024px) 100vw, 1024px\" \/><\/figure>\n\n\n\n<figure class=\"wp-block-image size-large\"><img loading=\"lazy\" decoding=\"async\" width=\"1024\" height=\"683\" data-id=\"808\" src=\"http:\/\/asilosaovicente.org.br\/site\/wp-content\/uploads\/2022\/07\/07pascoa2022-1-1024x683.jpg\" alt=\"\" class=\"wp-image-808\" srcset=\"https:\/\/asilosaovicente.org.br\/site\/wp-content\/uploads\/2022\/07\/07pascoa2022-1-1024x683.jpg 1024w, https:\/\/asilosaovicente.org.br\/site\/wp-content\/uploads\/2022\/07\/07pascoa2022-1-300x200.jpg 300w, https:\/\/asilosaovicente.org.br\/site\/wp-content\/uploads\/2022\/07\/07pascoa2022-1-768x512.jpg 768w, https:\/\/asilosaovicente.org.br\/site\/wp-content\/uploads\/2022\/07\/07pascoa2022-1.jpg 1440w\" sizes=\"auto, (max-width: 1024px) 100vw, 1024px\" \/><\/figure>\n\n\n\n<figure class=\"wp-block-image size-large\"><img loading=\"lazy\" decoding=\"async\" width=\"1024\" height=\"683\" data-id=\"809\" src=\"http:\/\/asilosaovicente.org.br\/site\/wp-content\/uploads\/2022\/07\/08pascoa2022-1-1024x683.jpg\" alt=\"\" class=\"wp-image-809\" srcset=\"https:\/\/asilosaovicente.org.br\/site\/wp-content\/uploads\/2022\/07\/08pascoa2022-1-1024x683.jpg 1024w, https:\/\/asilosaovicente.org.br\/site\/wp-content\/uploads\/2022\/07\/08pascoa2022-1-300x200.jpg 300w, https:\/\/asilosaovicente.org.br\/site\/wp-content\/uploads\/2022\/07\/08pascoa2022-1-768x512.jpg 768w, https:\/\/asilosaovicente.org.br\/site\/wp-content\/uploads\/2022\/07\/08pascoa2022-1.jpg 1440w\" sizes=\"auto, (max-width: 1024px) 100vw, 1024px\" \/><\/figure>\n\n\n\n<figure class=\"wp-block-image size-large\"><img loading=\"lazy\" decoding=\"async\" width=\"1024\" height=\"683\" data-id=\"810\" src=\"http:\/\/asilosaovicente.org.br\/site\/wp-content\/uploads\/2022\/07\/09pascoa2022-1-1024x683.jpg\" alt=\"\" class=\"wp-image-810\" srcset=\"https:\/\/asilosaovicente.org.br\/site\/wp-content\/uploads\/2022\/07\/09pascoa2022-1-1024x683.jpg 1024w, https:\/\/asilosaovicente.org.br\/site\/wp-content\/uploads\/2022\/07\/09pascoa2022-1-300x200.jpg 300w, https:\/\/asilosaovicente.org.br\/site\/wp-content\/uploads\/2022\/07\/09pascoa2022-1-768x512.jpg 768w, https:\/\/asilosaovicente.org.br\/site\/wp-content\/uploads\/2022\/07\/09pascoa2022-1.jpg 1440w\" sizes=\"auto, (max-width: 1024px) 100vw, 1024px\" \/><\/figure>\n\n\n\n<figure class=\"wp-block-image size-large\"><img loading=\"lazy\" decoding=\"async\" width=\"1024\" height=\"683\" data-id=\"811\" src=\"http:\/\/asilosaovicente.org.br\/site\/wp-content\/uploads\/2022\/07\/10pascoa2022-1-1024x683.jpg\" alt=\"\" class=\"wp-image-811\" srcset=\"https:\/\/asilosaovicente.org.br\/site\/wp-content\/uploads\/2022\/07\/10pascoa2022-1-1024x683.jpg 1024w, https:\/\/asilosaovicente.org.br\/site\/wp-content\/uploads\/2022\/07\/10pascoa2022-1-300x200.jpg 300w, https:\/\/asilosaovicente.org.br\/site\/wp-content\/uploads\/2022\/07\/10pascoa2022-1-768x512.jpg 768w, https:\/\/asilosaovicente.org.br\/site\/wp-content\/uploads\/2022\/07\/10pascoa2022-1.jpg 1440w\" sizes=\"auto, (max-width: 1024px) 100vw, 1024px\" \/><\/figure>\n<\/figure>\n","protected":false},"excerpt":{"rendered":"<p>Neste ano o Coelho da P\u00e1scoa n\u00e3o trouxe s\u00f3 chocolates para o Asilo Vicente de Paulo, mas tamb\u00e9m muitos sorrisos e alegria em uma celebra\u00e7\u00e3o que contagiou a casa toda! Ap\u00f3s visitar todos os lares, o Coelho tamb\u00e9m visitou o caf\u00e9 da tarde das idosas, trazendo todos os chocolates que foram doados&nbsp;nas \u00faltimas semanas. Toda &hellip;<\/p>\n<p class=\"read-more\"> <a class=\"\" href=\"https:\/\/asilosaovicente.org.br\/site\/2022\/07\/05\/moradoras-do-asilo-sao-vicente-de-paulo-celebram-a-pascoa\/\"> <span class=\"screen-reader-text\">Moradoras do Asilo S\u00e3o Vicente de Paulo celebram a P\u00e1scoa<\/span> Leia mais &raquo;<\/a><\/p>\n","protected":false},"author":1,"featured_media":807,"comment_status":"open","ping_status":"open","sticky":false,"template":"","format":"standard","meta":{"footnotes":""},"categories":[2],"tags":[],"class_list":["post-801","post","type-post","status-publish","format-standard","has-post-thumbnail","hentry","category-noticias"],"uagb_featured_image_src":{"full":["https:\/\/asilosaovicente.org.br\/site\/wp-content\/uploads\/2022\/07\/01pascoa2022-1.jpg",960,640,false],"thumbnail":["https:\/\/asilosaovicente.org.br\/site\/wp-content\/uploads\/2022\/07\/01pascoa2022-1-150x150.jpg",150,150,true],"medium":["https:\/\/asilosaovicente.org.br\/site\/wp-content\/uploads\/2022\/07\/01pascoa2022-1-300x200.jpg",300,200,true],"medium_large":["https:\/\/asilosaovicente.org.br\/site\/wp-content\/uploads\/2022\/07\/01pascoa2022-1-768x512.jpg",768,512,true],"large":["https:\/\/asilosaovicente.org.br\/site\/wp-content\/uploads\/2022\/07\/01pascoa2022-1.jpg",960,640,false],"1536x1536":["https:\/\/asilosaovicente.org.br\/site\/wp-content\/uploads\/2022\/07\/01pascoa2022-1.jpg",960,640,false],"2048x2048":["https:\/\/asilosaovicente.org.br\/site\/wp-content\/uploads\/2022\/07\/01pascoa2022-1.jpg",960,640,false]},"uagb_author_info":{"display_name":"Asilo adm","author_link":"https:\/\/asilosaovicente.org.br\/site\/author\/asilo-adm\/"},"uagb_comment_info":0,"uagb_excerpt":"Neste ano o Coelho da P\u00e1scoa n\u00e3o trouxe s\u00f3 chocolates para o Asilo Vicente de Paulo, mas tamb\u00e9m muitos sorrisos e alegria em uma celebra\u00e7\u00e3o que contagiou a casa toda! Ap\u00f3s visitar todos os lares, o Coelho tamb\u00e9m visitou o caf\u00e9 da tarde das idosas, trazendo todos os chocolates que foram doados&nbsp;nas \u00faltimas semanas. Toda&hellip;","_links":{"self":[{"href":"https:\/\/asilosaovicente.org.br\/site\/wp-json\/wp\/v2\/posts\/801","targetHints":{"allow":["GET"]}}],"collection":[{"href":"https:\/\/asilosaovicente.org.br\/site\/wp-json\/wp\/v2\/posts"}],"about":[{"href":"https:\/\/asilosaovicente.org.br\/site\/wp-json\/wp\/v2\/types\/post"}],"author":[{"embeddable":true,"href":"https:\/\/asilosaovicente.org.br\/site\/wp-json\/wp\/v2\/users\/1"}],"replies":[{"embeddable":true,"href":"https:\/\/asilosaovicente.org.br\/site\/wp-json\/wp\/v2\/comments?post=801"}],"version-history":[{"count":0,"href":"https:\/\/asilosaovicente.org.br\/site\/wp-json\/wp\/v2\/posts\/801\/revisions"}],"wp:featuredmedia":[{"embeddable":true,"href":"https:\/\/asilosaovicente.org.br\/site\/wp-json\/wp\/v2\/media\/807"}],"wp:attachment":[{"href":"https:\/\/asilosaovicente.org.br\/site\/wp-json\/wp\/v2\/media?parent=801"}],"wp:term":[{"taxonomy":"category","embeddable":true,"href":"https:\/\/asilosaovicente.org.br\/site\/wp-json\/wp\/v2\/categories?post=801"},{"taxonomy":"post_tag","embeddable":true,"href":"https:\/\/asilosaovicente.org.br\/site\/wp-json\/wp\/v2\/tags?post=801"}],"curies":[{"name":"wp","href":"https:\/\/api.w.org\/{rel}","templated":true}]}}